{"id":927,"date":"2014-02-06T10:34:08","date_gmt":"2014-02-06T09:34:08","guid":{"rendered":"http:\/\/idrottsforum.org\/forumbloggen\/?p=927"},"modified":"2014-02-06T10:34:08","modified_gmt":"2014-02-06T09:34:08","slug":"om-du-missade-dokumentaren-om-lindsay","status":"publish","type":"post","link":"https:\/\/idrottsforum.org\/forumbloggen\/om-du-missade-dokumentaren-om-lindsay\/","title":{"rendered":"Om du missade dokument\u00e4ren om Lindsay"},"content":{"rendered":"<p>H\u00e4r kommer en l\u00e4nk relaterad till mitt f\u00f6rra blogginl\u00e4gg.<\/p>\n<p>SVT visade ig\u00e5r onsdag en dokument\u00e4r om damernas kamp om att f\u00e5 vara med i OS. Det \u00e4r ur nordamerikanskt perspektiv vilket m\u00e4rks. Men dokument\u00e4ren \u00e4r bra och Lindsay f\u00f6rtj\u00e4nar uppm\u00e4rksamheten.<\/p>\n<p>&nbsp;<\/p>\n<p><a href=\"http:\/\/idrottsforum.org\/forumbloggen\/wp-content\/uploads\/2014\/01\/Lillehammer-aug-09-006.jpg\"><img loading=\"lazy\" decoding=\"async\" class=\"alignright size-medium wp-image-893\" alt=\"Lillehammer aug 09 006\" src=\"http:\/\/idrottsforum.org\/forumbloggen\/wp-content\/uploads\/2014\/01\/Lillehammer-aug-09-006-300x200.jpg\" width=\"300\" height=\"200\" srcset=\"https:\/\/idrottsforum.org\/forumbloggen\/wp-content\/uploads\/2014\/01\/Lillehammer-aug-09-006-300x200.jpg 300w, https:\/\/idrottsforum.org\/forumbloggen\/wp-content\/uploads\/2014\/01\/Lillehammer-aug-09-006-1024x682.jpg 1024w\" sizes=\"auto, (max-width: 300px) 100vw, 300px\" \/><\/a><\/p>\n<p><a href=\"http:\/\/www.svtplay.se\/video\/1781362\/flygfardig-for-os-i-sotji\">http:\/\/www.svtplay.se\/video\/1781362\/flygfardig-for-os-i-sotji<\/a><\/p>\n","protected":false},"excerpt":{"rendered":"<p>H\u00e4r kommer en l\u00e4nk relaterad till mitt f\u00f6rra blogginl\u00e4gg. SVT visade ig\u00e5r onsdag en dokument\u00e4r om damernas kamp om att f\u00e5 vara med i OS. Det \u00e4r ur nordamerikanskt perspektiv vilket m\u00e4rks. Men dokument\u00e4ren \u00e4r bra och Lindsay f\u00f6rtj\u00e4nar uppm\u00e4rksamheten. &nbsp; http:\/\/www.svtplay.se\/video\/1781362\/flygfardig-for-os-i-sotji<\/p>\n","protected":false},"author":9,"featured_media":0,"comment_status":"open","ping_status":"open","sticky":false,"template":"","format":"standard","meta":{"om_disable_all_campaigns":false,"_monsterinsights_skip_tracking":false,"_monsterinsights_sitenote_active":false,"_monsterinsights_sitenote_note":"","_monsterinsights_sitenote_category":0,"_uf_show_specific_survey":0,"_uf_disable_surveys":false,"footnotes":"","jetpack_publicize_message":"","jetpack_publicize_feature_enabled":true,"jetpack_social_post_already_shared":true,"jetpack_social_options":{"image_generator_settings":{"template":"highway","default_image_id":0,"font":"","enabled":false},"version":2}},"categories":[1],"tags":[],"class_list":{"0":"post-927","1":"post","2":"type-post","3":"status-publish","4":"format-standard","6":"category-okategoriserade"},"aioseo_notices":[],"jetpack_publicize_connections":[],"jetpack_featured_media_url":"","jetpack_sharing_enabled":true,"jetpack_shortlink":"https:\/\/wp.me\/p2JbBl-eX","jetpack_likes_enabled":true,"_links":{"self":[{"href":"https:\/\/idrottsforum.org\/forumbloggen\/wp-json\/wp\/v2\/posts\/927","targetHints":{"allow":["GET"]}}],"collection":[{"href":"https:\/\/idrottsforum.org\/forumbloggen\/wp-json\/wp\/v2\/posts"}],"about":[{"href":"https:\/\/idrottsforum.org\/forumbloggen\/wp-json\/wp\/v2\/types\/post"}],"author":[{"embeddable":true,"href":"https:\/\/idrottsforum.org\/forumbloggen\/wp-json\/wp\/v2\/users\/9"}],"replies":[{"embeddable":true,"href":"https:\/\/idrottsforum.org\/forumbloggen\/wp-json\/wp\/v2\/comments?post=927"}],"version-history":[{"count":0,"href":"https:\/\/idrottsforum.org\/forumbloggen\/wp-json\/wp\/v2\/posts\/927\/revisions"}],"wp:attachment":[{"href":"https:\/\/idrottsforum.org\/forumbloggen\/wp-json\/wp\/v2\/media?parent=927"}],"wp:term":[{"taxonomy":"category","embeddable":true,"href":"https:\/\/idrottsforum.org\/forumbloggen\/wp-json\/wp\/v2\/categories?post=927"},{"taxonomy":"post_tag","embeddable":true,"href":"https:\/\/idrottsforum.org\/forumbloggen\/wp-json\/wp\/v2\/tags?post=927"}],"curies":[{"name":"wp","href":"https:\/\/api.w.org\/{rel}","templated":true}]}}