{"id":1977,"date":"2015-12-21T13:02:12","date_gmt":"2015-12-21T12:02:12","guid":{"rendered":"http:\/\/idrottsforum.org\/forumbloggen\/?p=1977"},"modified":"2015-12-22T11:43:58","modified_gmt":"2015-12-22T10:43:58","slug":"var-ska-raven-raska-over-isen","status":"publish","type":"post","link":"https:\/\/idrottsforum.org\/forumbloggen\/var-ska-raven-raska-over-isen\/","title":{"rendered":"Var ska r\u00e4ven raska \u00f6ver isen?"},"content":{"rendered":"<p>I stora delar av Sverige kommer r\u00e4ven f\u00e5 sv\u00e5rt att raska \u00f6ver isen i \u00e5r. Av den enkla anledningen att det inte finns n\u00e5gon is. P\u00e5 m\u00e5nga st\u00e4llen har det slagits v\u00e4rmerekord under december. H\u00e4r i Falun har vi haft det lika varmt i december som vi hade p\u00e5 midsommarafton. Sedan kan man undra om 12 grader p\u00e5 midsommar \u00e4r lika el\u00e4ndigt som 12 grader i december? Det betyder ocks\u00e5 att det \u00e4r v\u00e4ldigt m\u00e5nga platser som inte har sn\u00f6. Vad h\u00e4nder d\u00e5 med vinteridrotterna? Och vad \u00e4r h\u00e5llbar idrott? F\u00f6r en vecka sedan hade vi frost och n\u00e4r jag tr\u00e4ffade v\u00e4nner och bekanta s\u00e5 det f\u00f6rsta de sa var; \u00e4ntligen, vintern \u00e4r p\u00e5 v\u00e4g. H\u00e4r i Dalarna pratar vi varje dag om l\u00e4ngd\u00e5kning och m\u00e5nga \u00e5ker l\u00e4ngd\u00e5kning, ofta. Vi pratar om vilket sp\u00e5r som \u00e4r b\u00e4st, om n\u00e5gon \u00e5kte ig\u00e5r, vi l\u00e4gger ut bilder som i det n\u00e4rmaste kan kallas f\u00f6r skidporr.<\/p>\n<figure id=\"attachment_1979\" aria-describedby=\"caption-attachment-1979\" style=\"width: 225px\" class=\"wp-caption alignright\"><a href=\"http:\/\/idrottsforum.org\/forumbloggen\/var-ska-raven-raska-over-isen\/chaux-neuve-2\/\" rel=\"attachment wp-att-1979\"><img loading=\"lazy\" decoding=\"async\" class=\"size-medium wp-image-1979\" src=\"http:\/\/idrottsforum.org\/forumbloggen\/wp-content\/uploads\/2015\/12\/Chaux-Neuve-2-225x300.jpg\" alt=\"Ett sn\u00f6kl\u00e4tt vinterlandskap i Frankrike, Chaux Neuve\" width=\"225\" height=\"300\" srcset=\"https:\/\/idrottsforum.org\/forumbloggen\/wp-content\/uploads\/2015\/12\/Chaux-Neuve-2-225x300.jpg 225w, https:\/\/idrottsforum.org\/forumbloggen\/wp-content\/uploads\/2015\/12\/Chaux-Neuve-2.jpg 720w\" sizes=\"auto, (max-width: 225px) 100vw, 225px\" \/><\/a><figcaption id=\"caption-attachment-1979\" class=\"wp-caption-text\">Ett sn\u00f6kl\u00e4tt vinterlandskap i Frankrike, Chaux Neuve<\/figcaption><\/figure>\n<p>Vackra sp\u00e5r i vinterlandskap med lyckliga skid\u00e5kare. Vi pratar ocks\u00e5 om backhoppning och vi pratar sj\u00e4lvklart alpint. Vilken anl\u00e4ggning \u00f6ppnar f\u00f6rst? Vilken har de b\u00e4sta pisterna och var \u00e4r det mest prisv\u00e4rt? I Sverige \u00e4r vi m\u00e5nga om beklagar oss \u00f6ver vintersituationen, men det finns l\u00e4nder som har det s\u00e4mre i det h\u00e4r h\u00e4nseendet, n\u00e4mligen l\u00e4nder som till exempel \u00d6sterrike som lever \u00e4nnu mer\u00a0p\u00e5 skidturismen i backarna och som har haft \u00e4nnu s\u00e4mre vintrar p\u00e5 m\u00e5nga h\u00e5ll de senaste \u00e5ren.<\/p>\n<p>Men \u00e4r det h\u00e5llbart? Hur l\u00e5ngt ska vi g\u00e5 f\u00f6r olika idrotter? Min personliga uppfattning \u00e4r att vi kan g\u00e5 l\u00e5ngt och att den stora fr\u00e5gan kanske inte \u00e4r om vi ska f\u00f6rs\u00f6ka producera sn\u00f6 etc. utan fr\u00e5gan som alla m\u00e5ste st\u00e4lla sig \u00e4r hur man kan genomf\u00f6ra idrotterna h\u00e5llbart. Hur kan man producera sn\u00f6 p\u00e5 ett h\u00e5llbart s\u00e4tt(f\u00f6rs\u00f6k g\u00f6rs)? M\u00e5ste alla sn\u00f6idrotter alltid ha sn\u00f6 under f\u00f6tterna? Klarar en vinteridrott av att vara utan sn\u00f6? I backhoppning har man kommit en bra bit p\u00e5 v\u00e4g d\u00e4r det hoppas p\u00e5 plast. Men skulle idrottens identitet klara av att g\u00e5 fr\u00e5n vinteridrott till att bara vara en idrott? Kan l\u00e4ngd\u00e5karna \u00e5ka utan sn\u00f6? Kan alpinisterna \u00e5ka utan sn\u00f6? F\u00f6rs\u00f6k g\u00f6rs h\u00e4r och d\u00e4r, men klarar idrottens identitet att g\u00e5 fr\u00e5n att vara en vinteridrott till bara vara en idrott?<\/p>\n<p>Med det sagt har jag \u00e4nd\u00e5 tillf\u00f6rsikt att det kommer att bli kallare snart, att vi ska kunna \u00e5ka l\u00e5ngf\u00e4rdsskridskor p\u00e5 Runn, l\u00e4ngd i alla otaliga sp\u00e5r och alpint i alla backar.<\/p>\n<p>God Jul och Gott Nytt \u00c5r fr\u00e5n ett gr\u00f6nt Falun<\/p>\n","protected":false},"excerpt":{"rendered":"<p>I stora delar av Sverige kommer r\u00e4ven f\u00e5 sv\u00e5rt att raska \u00f6ver isen i \u00e5r. Av den enkla anledningen att det inte finns n\u00e5gon is. P\u00e5 m\u00e5nga st\u00e4llen har det slagits v\u00e4rmerekord under december. H\u00e4r i Falun har vi haft det lika varmt i december som vi hade p\u00e5 midsommarafton. Sedan kan man undra om [&hellip;]<\/p>\n","protected":false},"author":9,"featured_media":1984,"comment_status":"open","ping_status":"open","sticky":false,"template":"","format":"standard","meta":{"om_disable_all_campaigns":false,"_monsterinsights_skip_tracking":false,"_monsterinsights_sitenote_active":false,"_monsterinsights_sitenote_note":"","_monsterinsights_sitenote_category":0,"_uf_show_specific_survey":0,"_uf_disable_surveys":false,"footnotes":"","jetpack_publicize_message":"","jetpack_publicize_feature_enabled":true,"jetpack_social_post_already_shared":true,"jetpack_social_options":{"image_generator_settings":{"template":"highway","default_image_id":0,"font":"","enabled":false},"version":2}},"categories":[1],"tags":[],"class_list":{"0":"post-1977","1":"post","2":"type-post","3":"status-publish","4":"format-standard","5":"has-post-thumbnail","7":"category-okategoriserade"},"aioseo_notices":[],"jetpack_publicize_connections":[],"jetpack_featured_media_url":"https:\/\/idrottsforum.org\/forumbloggen\/wp-content\/uploads\/2015\/12\/fransk-vinter.jpg","jetpack_sharing_enabled":true,"jetpack_shortlink":"https:\/\/wp.me\/p2JbBl-vT","jetpack_likes_enabled":true,"_links":{"self":[{"href":"https:\/\/idrottsforum.org\/forumbloggen\/wp-json\/wp\/v2\/posts\/1977","targetHints":{"allow":["GET"]}}],"collection":[{"href":"https:\/\/idrottsforum.org\/forumbloggen\/wp-json\/wp\/v2\/posts"}],"about":[{"href":"https:\/\/idrottsforum.org\/forumbloggen\/wp-json\/wp\/v2\/types\/post"}],"author":[{"embeddable":true,"href":"https:\/\/idrottsforum.org\/forumbloggen\/wp-json\/wp\/v2\/users\/9"}],"replies":[{"embeddable":true,"href":"https:\/\/idrottsforum.org\/forumbloggen\/wp-json\/wp\/v2\/comments?post=1977"}],"version-history":[{"count":0,"href":"https:\/\/idrottsforum.org\/forumbloggen\/wp-json\/wp\/v2\/posts\/1977\/revisions"}],"wp:featuredmedia":[{"embeddable":true,"href":"https:\/\/idrottsforum.org\/forumbloggen\/wp-json\/wp\/v2\/media\/1984"}],"wp:attachment":[{"href":"https:\/\/idrottsforum.org\/forumbloggen\/wp-json\/wp\/v2\/media?parent=1977"}],"wp:term":[{"taxonomy":"category","embeddable":true,"href":"https:\/\/idrottsforum.org\/forumbloggen\/wp-json\/wp\/v2\/categories?post=1977"},{"taxonomy":"post_tag","embeddable":true,"href":"https:\/\/idrottsforum.org\/forumbloggen\/wp-json\/wp\/v2\/tags?post=1977"}],"curies":[{"name":"wp","href":"https:\/\/api.w.org\/{rel}","templated":true}]}}