{"id":1712,"date":"2015-06-27T11:58:17","date_gmt":"2015-06-27T09:58:17","guid":{"rendered":"http:\/\/idrottsforum.org\/forumbloggen\/?p=1712"},"modified":"2015-06-27T13:59:37","modified_gmt":"2015-06-27T11:59:37","slug":"ecss-en-lovsang-till-volontarerna","status":"publish","type":"post","link":"https:\/\/idrottsforum.org\/forumbloggen\/ecss-en-lovsang-till-volontarerna\/","title":{"rendered":"ECSS \u2013 en lovs\u00e5ng till volont\u00e4rerna"},"content":{"rendered":"<p><a href=\"http:\/\/idrottsforum.org\/forumbloggen\/wp-content\/uploads\/2015\/06\/ESCC-10.jpg\"><img loading=\"lazy\" decoding=\"async\" class=\"alignnone wp-image-1715\" src=\"http:\/\/idrottsforum.org\/forumbloggen\/wp-content\/uploads\/2015\/06\/ESCC-10-300x169.jpg\" alt=\"ESCC 10\" width=\"500\" height=\"281\" srcset=\"https:\/\/idrottsforum.org\/forumbloggen\/wp-content\/uploads\/2015\/06\/ESCC-10-300x169.jpg 300w, https:\/\/idrottsforum.org\/forumbloggen\/wp-content\/uploads\/2015\/06\/ESCC-10-1024x576.jpg 1024w, https:\/\/idrottsforum.org\/forumbloggen\/wp-content\/uploads\/2015\/06\/ESCC-10-134x74.jpg 134w, https:\/\/idrottsforum.org\/forumbloggen\/wp-content\/uploads\/2015\/06\/ESCC-10-460x260.jpg 460w, https:\/\/idrottsforum.org\/forumbloggen\/wp-content\/uploads\/2015\/06\/ESCC-10.jpg 2048w\" sizes=\"auto, (max-width: 500px) 100vw, 500px\" \/><br \/>\n<\/a>2400 deltagare p\u00e5 en konferens kr\u00e4ver h\u00e5rt\u00a0arbete f\u00f6r att allt\u00a0ska fungera. Det finns n\u00e5gra som b\u00f6r hyllas lite extra. Det \u00e4r volont\u00e4rerna. I det h\u00e4r fallet t\u00e4nker jag bortse fr\u00e5n mig sj\u00e4lv. Av olika anledningar hade jag inte lika m\u00e5nga pass som m\u00e5nga andra och jag hade dessutom det trevliga uppdraget att uppdatera bloggen som en del av mitt uppdrag. Jag syftar ist\u00e4llet p\u00e5 mina kollegor p\u00e5 Malm\u00f6 h\u00f6gskola, v\u00e5ra studenter p\u00e5 Malm\u00f6 h\u00f6gskola, men \u00e4ven studenter fr\u00e5n andra h\u00f6gskolor och universitet som har rest till Malm\u00f6 f\u00f6r att arbeta p\u00e5 konferensen, och de har verkligen st\u00e4llt upp helhj\u00e4rtat p\u00e5 detta. Jag satt och laddade upp filer p\u00e5 onsdagen fr\u00e5n klockan 14. Flera av de andra laddade upp filer varje dag och fler timmar \u00e4n vad jag gjorde. Varje dag. Andra kollegor har suttit i de olika salarna och \u00f6vervakat att presentat\u00f6rerna har h\u00e5llit tiderna och sett till att allt rullar p\u00e5. Jag gjorde det ig\u00e5r i tre timmar. Jag har kollegor som har gjort det varje dag och upp till 6 timmar om dagen och dessutom tidigt p\u00e5 morgonen och sent p\u00e5 kv\u00e4llen. Konferensen hade inte fungerat utan dessa!<\/p>\n<h3><em>Leve volont\u00e4rerna!<\/em><\/h3>\n","protected":false},"excerpt":{"rendered":"<p>2400 deltagare p\u00e5 en konferens kr\u00e4ver h\u00e5rt\u00a0arbete f\u00f6r att allt\u00a0ska fungera. Det finns n\u00e5gra som b\u00f6r hyllas lite extra. Det \u00e4r volont\u00e4rerna. I det h\u00e4r fallet t\u00e4nker jag bortse fr\u00e5n mig sj\u00e4lv. Av olika anledningar hade jag inte lika m\u00e5nga pass som m\u00e5nga andra och jag hade dessutom det trevliga uppdraget att uppdatera bloggen som [&hellip;]<\/p>\n","protected":false},"author":9,"featured_media":0,"comment_status":"open","ping_status":"open","sticky":false,"template":"","format":"standard","meta":{"om_disable_all_campaigns":false,"_monsterinsights_skip_tracking":false,"_monsterinsights_sitenote_active":false,"_monsterinsights_sitenote_note":"","_monsterinsights_sitenote_category":0,"_uf_show_specific_survey":0,"_uf_disable_surveys":false,"footnotes":"","jetpack_publicize_message":"","jetpack_publicize_feature_enabled":true,"jetpack_social_post_already_shared":true,"jetpack_social_options":{"image_generator_settings":{"template":"highway","default_image_id":0,"font":"","enabled":false},"version":2}},"categories":[1],"tags":[],"class_list":{"0":"post-1712","1":"post","2":"type-post","3":"status-publish","4":"format-standard","6":"category-okategoriserade"},"aioseo_notices":[],"jetpack_publicize_connections":[],"jetpack_featured_media_url":"","jetpack_sharing_enabled":true,"jetpack_shortlink":"https:\/\/wp.me\/p2JbBl-rC","jetpack_likes_enabled":true,"_links":{"self":[{"href":"https:\/\/idrottsforum.org\/forumbloggen\/wp-json\/wp\/v2\/posts\/1712","targetHints":{"allow":["GET"]}}],"collection":[{"href":"https:\/\/idrottsforum.org\/forumbloggen\/wp-json\/wp\/v2\/posts"}],"about":[{"href":"https:\/\/idrottsforum.org\/forumbloggen\/wp-json\/wp\/v2\/types\/post"}],"author":[{"embeddable":true,"href":"https:\/\/idrottsforum.org\/forumbloggen\/wp-json\/wp\/v2\/users\/9"}],"replies":[{"embeddable":true,"href":"https:\/\/idrottsforum.org\/forumbloggen\/wp-json\/wp\/v2\/comments?post=1712"}],"version-history":[{"count":0,"href":"https:\/\/idrottsforum.org\/forumbloggen\/wp-json\/wp\/v2\/posts\/1712\/revisions"}],"wp:attachment":[{"href":"https:\/\/idrottsforum.org\/forumbloggen\/wp-json\/wp\/v2\/media?parent=1712"}],"wp:term":[{"taxonomy":"category","embeddable":true,"href":"https:\/\/idrottsforum.org\/forumbloggen\/wp-json\/wp\/v2\/categories?post=1712"},{"taxonomy":"post_tag","embeddable":true,"href":"https:\/\/idrottsforum.org\/forumbloggen\/wp-json\/wp\/v2\/tags?post=1712"}],"curies":[{"name":"wp","href":"https:\/\/api.w.org\/{rel}","templated":true}]}}